{"id":8381,"date":"2026-09-01T07:15:12","date_gmt":"2026-09-01T04:15:12","guid":{"rendered":"https:\/\/minac.ro\/?p=8381"},"modified":"2026-09-01T07:15:13","modified_gmt":"2026-09-01T04:15:13","slug":"1-septembrie-1896-infiintarea-gimnaziului-de-baieti-mircea-cel-batran","status":"publish","type":"post","link":"https:\/\/minac.ro\/en\/1-septembrie-1896-infiintarea-gimnaziului-de-baieti-mircea-cel-batran\/","title":{"rendered":"1 septembrie 1896 \u2013 \u00cenfiin\u021barea Gimnaziului de b\u0103ie\u021bi \u201eMircea cel B\u0103tr\u00e2n\u201d"},"content":{"rendered":"<p class=\"wp-block-paragraph\">La <strong>1 septembrie 1896<\/strong>, la Constan\u021ba lua fiin\u021b\u0103 Gimnaziul clasic de b\u0103ie\u021bi, institu\u021bia de \u00eenv\u0103\u021b\u0103m\u00e2nt din care se va dezvolta actualul Colegiu Na\u021bional \u201eMircea cel B\u0103tr\u00e2n\u201d. Gimnaziul a fost \u00eenfiin\u021bat \u00een localul fostei \u0218coli Normale de \u00cenv\u0103\u021b\u0103tori, situat pe fosta strad\u0103 Justi\u021biei (ast\u0103zi Mihai Viteazu), col\u021b cu strada Rahovei \u0219i cu strada General Lahovari. \u0218coala Normal\u0103 de \u00cenv\u0103\u021b\u0103tori, desfiin\u021bat\u0103 la 1 iulie 1896, a func\u021bionat doar trei ani, fiind \u00eenfiin\u021bat\u0103 \u00een 1893 prin st\u0103ruin\u021ba lui Ioan B\u0103nescu. Primele clase ale gimnaziului au func\u021bionat sub conducerea profesorului de matematic\u0103 Demetru R\u0103dulescu.<\/p>\n\n\n\n<p class=\"wp-block-paragraph\">O retrospectiv\u0103 a primilor 25 de ani ai institu\u021biei, publicat\u0103 \u00een <em>\u201e<strong>Anuarul Liceului \u00abMircea cel B\u0103tr\u00e2n\u00bb pe anii \u0219colari 1921\u20131922\u201d<\/strong><\/em>, urm\u0103re\u0219te principalele etape ale dezvolt\u0103rii sale. \u00cen anul 1899, dup\u0103 \u00eemboln\u0103virea \u0219i plecarea directorului Demetru R\u0103dulescu, conducerea gimnaziului a fost preluat\u0103 succesiv de Ioan B\u0103nescu \u0219i Virgil Andronescu. \u00cen anul 1900, institu\u021bia de \u00eenv\u0103\u021b\u0103m\u00e2nt s-a mutat \u00een <em>\u201ecasele d-lui Anatole Magrin din str. Lascar Catargiu (actuala Cuza Vod\u0103), unde \u00eenainte de r\u0103zboiu func\u021bionase prim\u0103ria\u201d<\/em>. Anul urm\u0103tor, institu\u021bia a primit denumirea Gimnaziul \u201eMircea cel B\u0103tr\u00e2n\u201d, \u00een urma propunerii formulate de profesorul Virgil Andronescu.<\/p>\n\n\n\n<p class=\"wp-block-paragraph\">\u00cen lucrarea &nbsp;<em>\u201e\u00cenv\u0103\u021b\u0103m\u00e2ntul public \u00een Dobrogea\u201d<\/em>, publicat\u0103 \u00een volumul aniversar al revistei \u201eAnalele Dobrogei\u201d din 1928, dedicat Semicentenarului Independen\u021bei \u0219i al Unirii Dobrogei cu Rom\u00e2nia, profesorul Ioan Georgescu, inspector \u0219ef al Regiunii a X-a \u0219colare Constan\u021ba, consemna \u201eevolu\u021bia foarte rapid\u0103\u201d a gimnaziului: la \u00eenceput a avut 134 elevi, \u00een 1911 \u2013 171 elevi, \u00eenainte de r\u0103zboi ajunsese la 371 elevi, pentru ca \u00een 1928 s\u0103 ajung\u0103 la 880 elevi.<\/p>\n\n\n\n<p class=\"wp-block-paragraph\">\u00cen anul 1906, Regele Carol I a vizitat gimnaziul, aflat \u00een cl\u0103direa din strada Lasc\u0103r Catargiu, \u0219i <em>\u201e\u0219i-a exprimat dorin\u021ba de a se construi un local propriu pentru liceu. \u00centotdeauna spunea c\u0103 \u00een Dobrogea, \u0219i \u00een Constan\u021ba \u00een special, misiunea \u00eenv\u0103\u021b\u0103m\u00e2ntului rom\u00e2nesc fiind de o deosebit\u0103 \u00eensemn\u0103tate. Acesta este un adev\u0103rat testament l\u0103sat de Regele Carol, pe care noi, urma\u0219ii, trebue s\u0103 ne str\u0103duim din toate puterile s\u0103-l \u00eenf\u0103ptuim\u201d<\/em>, nota directorul Gheorghe Coriolan, \u00een anuarul dedicat anivers\u0103rii institu\u021biei. &nbsp;<\/p>\n\n\n\n<p class=\"wp-block-paragraph\">\u00cen 1911, gimnaziul a fost transformat \u00een liceu, iar \u00een 1913 au fost introduse dou\u0103 clase reale, dup\u0103 ce \u00een anii anteriori a fost \u00eenfiin\u021bat\u0103 o sec\u021bie comercial\u0103. Activitatea a fost \u00eentrerupt\u0103 \u00eentre 1916 \u0219i 1918, \u00een timpul Primului R\u0103zboi Mondial \u0219i al ocupa\u021biei ruso-bulgare, fiind reluat\u0103 dup\u0103 revenirea administra\u021biei rom\u00e2ne\u0219ti. \u00cenc\u0103 dinainte de anii r\u0103zboiului, prin st\u0103ruin\u021ba profesorilor liceului, prim\u0103ria a cedat unui teren de 6.000 mp din gr\u0103dina public\u0103 \u00een vederea ridic\u0103rii unei cl\u0103diri destinate acestei institu\u021bii de \u00eenv\u0103\u021b\u0103m\u00e2nt. Dar, urmare a greut\u0103\u021bilor aduse de r\u0103zboi, abia \u00een 13 octombrie 1923 a fost pus\u0103 piatra fundamental\u0103 a noii cl\u0103diri, pe terenul din centrul ora\u0219ului, iar construc\u021bia a fost sus\u021binut\u0103 prin contribu\u021bii ale Prim\u0103riei \u0219i Ministerului Instruc\u021biunii Publice, precum \u0219i prin dona\u021bii \u0219i fonduri ob\u021binute \u00een urma manifest\u0103rilor organizate de profesori \u0219i elevi. Construirea unui sediu propriu reprezenta, dup\u0103 cum sublinia, \u00een acela\u0219i discurs, Gheorghe Coriolan, o dorin\u021b\u0103 arz\u0103toare a cadrelor didactice \u0219i a elevilor. Se impune precizat c\u0103 acesta a fost profesor de istorie \u0219i director al liceului \u00een perioadele 1920-1925 \u0219i 1926-1940.<\/p>\n\n\n\n<p class=\"wp-block-paragraph\">\u00cen lucrarea <strong><em>\u201eCentenarul Liceului \u00abMircea cel B\u0103tr\u00e2n\u00bb. Profesori \u00een paginile \u00abAnalelor Dobrogei\u00bb\u201d<\/em><\/strong>, publicat\u0103 \u00een \u201eAnalele Dobrogei\u201d din 1995, Ion Faiter aminte\u0219te numero\u0219i profesori care au predat la aceast\u0103 institu\u021bie: Ioan Fodor, Constantin Mure\u0219anu, Grigore S\u0103lceanu, Carol Blum, Marin Ionescu-Dobrogianu, Ioan Micu, Ioan Georgescu etc. Printre personalit\u0103\u021bile care s-au remarcat pentru activitatea lor cultural\u0103 \u0219i \u0219tiin\u021bific\u0103 se num\u0103r\u0103 istoricul Marin Ionescu-Dobrogianu, profesorul de limbi clasice Carol Blum \u0219i poetul \u0219i dramaturgul Grigore S\u0103lceanu.<\/p>\n\n\n\n<p class=\"wp-block-paragraph\"><strong>Reclama zilei: \u201eCereri de \u00eenscriere \u00een \u0219coale modele tip imprimate \u2013 necesare tuturor elevilor \u00een vederea \u00eenceperei cursurilor \u0219colare se g\u0103sesc gata la Tipografia Albania, Constan\u021ba strada Traian 16-20 (mai jos de liceu)\u201d (Dacia, 1923)<\/strong><\/p>\n\n\n\n<p class=\"wp-block-paragraph\">Sursa foto: Colegiul Na\u021bional \u201eMircea cel B\u0103tr\u00e2n\u201d Constan\u021ba \u2013 www.cnmbct.ro<\/p>","protected":false},"excerpt":{"rendered":"<p>La 1 septembrie 1896, la Constan\u021ba lua fiin\u021b\u0103 Gimnaziul clasic de b\u0103ie\u021bi, institu\u021bia de \u00eenv\u0103\u021b\u0103m\u00e2nt din care se va dezvolta actualul Colegiu Na\u021bional \u201eMircea cel B\u0103tr\u00e2n\u201d. Gimnaziul a fost \u00eenfiin\u021bat \u00een localul fostei \u0218coli Normale de \u00cenv\u0103\u021b\u0103tori, situat pe fosta strad\u0103 Justi\u021biei (ast\u0103zi Mihai Viteazu), col\u021b cu strada Rahovei \u0219i cu strada General Lahovari. \u0218coala [&hellip;]<\/p>\n","protected":false},"author":3,"featured_media":8382,"comment_status":"closed","ping_status":"closed","sticky":false,"template":"","format":"standard","meta":{"footnotes":""},"categories":[92],"tags":[91,86,84,85],"class_list":["post-8381","post","type-post","status-publish","format-standard","has-post-thumbnail","hentry","category-astazi-la-constanta","tag-constanta","tag-istorie","tag-minac","tag-muzeu"],"_links":{"self":[{"href":"https:\/\/minac.ro\/en\/wp-json\/wp\/v2\/posts\/8381","targetHints":{"allow":["GET"]}}],"collection":[{"href":"https:\/\/minac.ro\/en\/wp-json\/wp\/v2\/posts"}],"about":[{"href":"https:\/\/minac.ro\/en\/wp-json\/wp\/v2\/types\/post"}],"author":[{"embeddable":true,"href":"https:\/\/minac.ro\/en\/wp-json\/wp\/v2\/users\/3"}],"replies":[{"embeddable":true,"href":"https:\/\/minac.ro\/en\/wp-json\/wp\/v2\/comments?post=8381"}],"version-history":[{"count":1,"href":"https:\/\/minac.ro\/en\/wp-json\/wp\/v2\/posts\/8381\/revisions"}],"predecessor-version":[{"id":8386,"href":"https:\/\/minac.ro\/en\/wp-json\/wp\/v2\/posts\/8381\/revisions\/8386"}],"wp:featuredmedia":[{"embeddable":true,"href":"https:\/\/minac.ro\/en\/wp-json\/wp\/v2\/media\/8382"}],"wp:attachment":[{"href":"https:\/\/minac.ro\/en\/wp-json\/wp\/v2\/media?parent=8381"}],"wp:term":[{"taxonomy":"category","embeddable":true,"href":"https:\/\/minac.ro\/en\/wp-json\/wp\/v2\/categories?post=8381"},{"taxonomy":"post_tag","embeddable":true,"href":"https:\/\/minac.ro\/en\/wp-json\/wp\/v2\/tags?post=8381"}],"curies":[{"name":"wp","href":"https:\/\/api.w.org\/{rel}","templated":true}]}}