{"id":8357,"date":"2026-08-27T12:02:43","date_gmt":"2026-08-27T09:02:43","guid":{"rendered":"https:\/\/minac.ro\/?p=8357"},"modified":"2026-08-27T12:02:43","modified_gmt":"2026-08-27T09:02:43","slug":"atelier-pentru-copii-mozaic-re-imaginat-in-boltile-edificiului-roman-cu-mozaic","status":"publish","type":"post","link":"https:\/\/minac.ro\/en\/atelier-pentru-copii-mozaic-re-imaginat-in-boltile-edificiului-roman-cu-mozaic\/","title":{"rendered":"Atelier pentru copii \u201eMozaic. Re-imaginat\u201d \u00een bol\u021bile Edificiului Roman cu Mozaic"},"content":{"rendered":"<p class=\"wp-block-paragraph\">Cum ar fi s\u0103 descoperi un fragment din lumea Tomisului antic \u0219i apoi s\u0103-l transformi \u00een propria ta crea\u021bie?<\/p>\n\n\n\n<p class=\"wp-block-paragraph\">&nbsp;&nbsp;&nbsp;&nbsp;&nbsp;&nbsp;&nbsp;&nbsp;&nbsp; Muzeul de Istorie Na\u021bional\u0103 \u0219i Arheologie Constan\u021ba \u00eei invit\u0103 pe copii la atelierul <strong><em>\u201eMozaic. Re-imaginat\u201d<\/em><\/strong>, o activitate cultural-educativ\u0103 practic\u0103 \u00een care se \u00eent\u00e2lnesc istoria, creativitatea \u0219i explorarea unei tehnici artistice.<\/p>\n\n\n\n<p class=\"wp-block-paragraph\">&nbsp;&nbsp;&nbsp;&nbsp;&nbsp;&nbsp;&nbsp;&nbsp;&nbsp; Atelierul are loc <strong><u>vineri, 11 septembrie 2026, \u00een intervalul orar 12:00 \u2013 14:00<\/u><\/strong>, \u00een <strong><u>bol\u021bile Edificiului Roman cu Mozaic<\/u><\/strong>, din Pia\u021ba Ovidiu nr. 5, Constan\u021ba. Aici, \u00een chiar spa\u021biul \u00een care mozaicul face parte din povestea ora\u0219ului de aproape dou\u0103 milenii, participan\u021bii vor afla cum erau realizate aceste compozi\u021bii decorative din <em>tesserae<\/em> \u2013 buc\u0103\u021bi de piatr\u0103 natural\u0103, de diferite culori. Vor descoperi motive \u00eent\u00e2lnite \u00een crea\u021biile antice \u0219i, pornind de la acestea, vor realiza propriul mozaic. Uneori, pentru a \u00een\u021belege ce \u00eenseamn\u0103 patrimoniul, este nevoie de mai mult dec\u00e2t s\u0103-l prive\u0219ti. Este nevoie s\u0103 experimentezi, s\u0103 lucrezi cu el \u0219i s\u0103-i dai o form\u0103 nou\u0103. \u00cen cadrul acestui atelier, copiii vor putea transforma inspira\u021bia venit\u0103 din trecut \u00eentr-o expresie artistic\u0103 proprie, aduc\u00e2nd o tehnic\u0103 veche de milenii \u00eentr-un context contemporan. &nbsp;<\/p>\n\n\n\n<p class=\"wp-block-paragraph\">Activitatea cultural-educativ\u0103 face parte din proiectul cultural <strong><em>\u201eRedescoperim tradi\u021bii \u0219i devenim creativi\u201d<\/em><\/strong> al Muzeului de Istorie Na\u021bional\u0103 \u0219i Arheologie Constan\u021ba \u0219i se desf\u0103\u0219oar\u0103 \u00een contextul <strong>Zilelor Europene ale Patrimoniului<\/strong>, edi\u021bia a XXXIV-a \u00een Rom\u00e2nia.<\/p>\n\n\n\n<p class=\"wp-block-paragraph\">Atelierul se adreseaz\u0103 copiilor cu v\u00e2rste \u00eentre <strong>11 \u0219i 14 ani<\/strong>, fiind disponibile <strong>20 de locuri<\/strong>. Participarea se realizeaz\u0103 pe baza \u00eenscrierii prealabile, prin transmiterea solicit\u0103rii la adresa de e-mail comunicare@minac.ro, p\u00e2n\u0103 la data de <strong>10 septembrie 2026<\/strong>.<\/p>\n\n\n\n<p class=\"wp-block-paragraph\">***<\/p>\n\n\n\n<p class=\"wp-block-paragraph\">\u00cen 2026, Zilele Europene ale Patrimoniului invit\u0103 comunit\u0103\u021bile s\u0103 exploreze tema <strong><em>\u201ePatrimoniul \u00een pericol: Re\u00eenvie, Rezist\u0103, Reimagineaz\u0103\u201d<\/em><\/strong>. \u00centr-un prezent marcat de tehnologizare \u0219i schimb\u0103ri rapide, patrimoniul cultural \u0219i natural se confrunt\u0103 cu provoc\u0103ri tot mai complexe. Tema din acest an atrage aten\u021bia asupra riscurilor care amenin\u021b\u0103 patrimoniul \u0219i, \u00een acela\u0219i timp, \u00eencurajeaz\u0103 reflec\u021bia asupra &nbsp;modului \u00een care acesta poate fi protejat, valorificat \u0219i transmis mai departe.&nbsp;<\/p>","protected":false},"excerpt":{"rendered":"<p>Cum ar fi s\u0103 descoperi un fragment din lumea Tomisului antic \u0219i apoi s\u0103-l transformi \u00een propria ta crea\u021bie? &nbsp;&nbsp;&nbsp;&nbsp;&nbsp;&nbsp;&nbsp;&nbsp;&nbsp; Muzeul de Istorie Na\u021bional\u0103 \u0219i Arheologie Constan\u021ba \u00eei invit\u0103 pe copii la atelierul \u201eMozaic. Re-imaginat\u201d, o activitate cultural-educativ\u0103 practic\u0103 \u00een care se \u00eent\u00e2lnesc istoria, creativitatea \u0219i explorarea unei tehnici artistice. &nbsp;&nbsp;&nbsp;&nbsp;&nbsp;&nbsp;&nbsp;&nbsp;&nbsp; Atelierul are loc vineri, [&hellip;]<\/p>\n","protected":false},"author":3,"featured_media":8356,"comment_status":"closed","ping_status":"closed","sticky":false,"template":"","format":"standard","meta":{"footnotes":""},"categories":[77],"tags":[],"class_list":["post-8357","post","type-post","status-publish","format-standard","has-post-thumbnail","hentry","category-evenimente"],"_links":{"self":[{"href":"https:\/\/minac.ro\/en\/wp-json\/wp\/v2\/posts\/8357","targetHints":{"allow":["GET"]}}],"collection":[{"href":"https:\/\/minac.ro\/en\/wp-json\/wp\/v2\/posts"}],"about":[{"href":"https:\/\/minac.ro\/en\/wp-json\/wp\/v2\/types\/post"}],"author":[{"embeddable":true,"href":"https:\/\/minac.ro\/en\/wp-json\/wp\/v2\/users\/3"}],"replies":[{"embeddable":true,"href":"https:\/\/minac.ro\/en\/wp-json\/wp\/v2\/comments?post=8357"}],"version-history":[{"count":1,"href":"https:\/\/minac.ro\/en\/wp-json\/wp\/v2\/posts\/8357\/revisions"}],"predecessor-version":[{"id":8358,"href":"https:\/\/minac.ro\/en\/wp-json\/wp\/v2\/posts\/8357\/revisions\/8358"}],"wp:featuredmedia":[{"embeddable":true,"href":"https:\/\/minac.ro\/en\/wp-json\/wp\/v2\/media\/8356"}],"wp:attachment":[{"href":"https:\/\/minac.ro\/en\/wp-json\/wp\/v2\/media?parent=8357"}],"wp:term":[{"taxonomy":"category","embeddable":true,"href":"https:\/\/minac.ro\/en\/wp-json\/wp\/v2\/categories?post=8357"},{"taxonomy":"post_tag","embeddable":true,"href":"https:\/\/minac.ro\/en\/wp-json\/wp\/v2\/tags?post=8357"}],"curies":[{"name":"wp","href":"https:\/\/api.w.org\/{rel}","templated":true}]}}